{"id":10586,"date":"2020-07-10T13:01:05","date_gmt":"2020-07-10T13:01:05","guid":{"rendered":"https:\/\/allame.net\/nous-avons-envoye-notre-premier-tramway-electrique-nostalgique-en-coree-du-sud\/"},"modified":"2025-02-06T09:28:56","modified_gmt":"2025-02-06T09:28:56","slug":"nous-avons-envoye-notre-premier-tramway-electrique-nostalgique-en-coree-du-sud","status":"publish","type":"post","link":"https:\/\/allame.net\/fr\/nous-avons-envoye-notre-premier-tramway-electrique-nostalgique-en-coree-du-sud\/","title":{"rendered":"Nous avons envoy\u00e9 notre premier tramway \u00e9lectrique nostalgique en Cor\u00e9e du Sud"},"content":{"rendered":"<p>Nous avons produit un mini-tramway \u00e9lectrique nostalgique avec un syst\u00e8me de direction des deux c\u00f4t\u00e9s pour un client de Cor\u00e9e du Sud.<\/p>\n<p>Le tramway \u00e9lectrique est totalement similaire au tramway nostalgique original et est con\u00e7u pour \u00eatre utilis\u00e9 avec un moteur \u00e9lectrique et une batterie. Le tramway \u00e9lectrique a \u00e9t\u00e9 m\u00e9ticuleusement fabriqu\u00e9 en respectant fid\u00e8lement l&#8217;original.<\/p>\n<p>Le tramway est \u00e9quip\u00e9 d&#8217;un syst\u00e8me de direction des deux c\u00f4t\u00e9s. Le tramway peut donc circuler dans les deux sens sans tourner. Le conducteur n&#8217;a plus qu&#8217;\u00e0 passer de l&#8217;autre c\u00f4t\u00e9. Il est \u00e9galement possible d&#8217;utiliser deux lecteurs.<\/p>\n<p><strong><br \/>\n<\/strong><br \/>\nC<strong>aract\u00e9ristiques du Tamvay ;<\/strong> syst\u00e8me de direction des deux c\u00f4t\u00e9s<strong><\/strong><br \/>\n<strong>Vitesse maximale<\/strong> 8 km\/h<br \/>\n<strong>Dimensions (L * L * H) :<\/strong> 420X150X260 cm<br \/>\n<strong>Moteur \u00e9lectrique<\/strong> Moteur BLDC 48V<br \/>\n<strong>Piles :<\/strong> 6V 225A * 8pcs batteries de tra\u00e7age<br \/>\n<strong>Temps de charge :<\/strong> 8 heures<br \/>\n<strong>Poids :<\/strong> 950 kg<br \/>\n<strong>Distance (km) :<\/strong> 60 km \u00e0 pleine charge<br \/>\n<strong>Capacit\u00e9 en passagers :<\/strong> 15 enfants ou 10 adultes<br \/>\n<strong>Capacit\u00e9 maximale :<\/strong> 850 kg<\/p>\n<p><img fetchpriority=\"high\" decoding=\"async\" class=\"alignnone wp-image-7520 size-full\" src=\"https:\/\/allame.net\/wp-content\/uploads\/2020\/07\/best-quality-mini-tram.jpg\" alt=\"\" width=\"1200\" height=\"1600\"><img decoding=\"async\" class=\"alignnone wp-image-7521 size-full\" src=\"https:\/\/allame.net\/wp-content\/uploads\/2020\/07\/electric-tram-for-kids.jpg\" alt=\"\" width=\"1200\" height=\"1600\"><img decoding=\"async\" class=\"alignnone wp-image-7522 size-full\" src=\"https:\/\/allame.net\/wp-content\/uploads\/2020\/07\/electric-tram-for-sale.jpg\" alt=\"\" width=\"1200\" height=\"1600\"><img loading=\"lazy\" decoding=\"async\" class=\"alignnone wp-image-7523 size-full\" src=\"https:\/\/allame.net\/wp-content\/uploads\/2020\/07\/mini-nostalgic-tram.jpg\" alt=\"\" width=\"1200\" height=\"1600\"><img loading=\"lazy\" decoding=\"async\" class=\"alignnone wp-image-7524 size-full\" src=\"https:\/\/allame.net\/wp-content\/uploads\/2020\/07\/nostalgic-tram.jpg\" alt=\"\" width=\"1200\" height=\"1600\"><\/p>\n","protected":false},"excerpt":{"rendered":"<p>Nous avons produit un mini-tramway \u00e9lectrique nostalgique avec un syst\u00e8me de direction des deux c\u00f4t\u00e9s pour un client de Cor\u00e9e du Sud.<\/p>\n","protected":false},"author":2,"featured_media":9218,"comment_status":"open","ping_status":"open","sticky":false,"template":"","format":"standard","meta":{"_joinchat":[],"footnotes":""},"categories":[159],"tags":[],"class_list":["post-10586","post","type-post","status-publish","format-standard","has-post-thumbnail","hentry","category-divertissement"],"yoast_head":"<!-- This site is optimized with the Yoast SEO plugin v25.9 - https:\/\/yoast.com\/wordpress\/plugins\/seo\/ -->\n<title>Nous avons envoy\u00e9 notre premier tramway \u00e9lectrique nostalgique en Cor\u00e9e du Sud - Allame Makina<\/title>\n<meta name=\"description\" content=\"Nous avons produit un mini-tramway \u00e9lectrique nostalgique avec un syst\u00e8me de direction des deux c\u00f4t\u00e9s pour un client de Cor\u00e9e du Sud.\" \/>\n<meta name=\"robots\" content=\"index, follow, max-snippet:-1, max-image-preview:large, max-video-preview:-1\" \/>\n<link rel=\"canonical\" href=\"https:\/\/allame.net\/fr\/nous-avons-envoye-notre-premier-tramway-electrique-nostalgique-en-coree-du-sud\/\" \/>\n<meta property=\"og:locale\" content=\"fr_FR\" \/>\n<meta property=\"og:type\" content=\"article\" \/>\n<meta property=\"og:title\" content=\"Nous avons envoy\u00e9 notre premier tramway \u00e9lectrique nostalgique en Cor\u00e9e du Sud - Allame Makina\" \/>\n<meta property=\"og:description\" content=\"Nous avons produit un mini-tramway \u00e9lectrique nostalgique avec un syst\u00e8me de direction des deux c\u00f4t\u00e9s pour un client de Cor\u00e9e du Sud.\" \/>\n<meta property=\"og:url\" content=\"https:\/\/allame.net\/fr\/nous-avons-envoye-notre-premier-tramway-electrique-nostalgique-en-coree-du-sud\/\" \/>\n<meta property=\"og:site_name\" content=\"Allame Makina\" \/>\n<meta property=\"article:publisher\" content=\"https:\/\/www.facebook.com\/skyfibertech\/\" \/>\n<meta property=\"article:published_time\" content=\"2020-07-10T13:01:05+00:00\" \/>\n<meta property=\"article:modified_time\" content=\"2025-02-06T09:28:56+00:00\" \/>\n<meta property=\"og:image\" content=\"https:\/\/allame.net\/wp-content\/uploads\/2020\/07\/elektrikli-tramvay.jpg\" \/>\n\t<meta property=\"og:image:width\" content=\"960\" \/>\n\t<meta property=\"og:image:height\" content=\"640\" \/>\n\t<meta property=\"og:image:type\" content=\"image\/jpeg\" \/>\n<meta name=\"author\" content=\"Murat \u00c7olak\" \/>\n<meta name=\"twitter:card\" content=\"summary_large_image\" \/>\n<meta name=\"twitter:creator\" content=\"@SkyFiberTech1\" \/>\n<meta name=\"twitter:site\" content=\"@SkyFiberTech1\" \/>\n<meta name=\"twitter:label1\" content=\"\u00c9crit par\" \/>\n\t<meta name=\"twitter:data1\" content=\"Murat \u00c7olak\" \/>\n\t<meta name=\"twitter:label2\" content=\"Dur\u00e9e de lecture estim\u00e9e\" \/>\n\t<meta name=\"twitter:data2\" content=\"1 minute\" \/>\n<script type=\"application\/ld+json\" class=\"yoast-schema-graph\">{\"@context\":\"https:\/\/schema.org\",\"@graph\":[{\"@type\":\"Article\",\"@id\":\"https:\/\/allame.net\/fr\/nous-avons-envoye-notre-premier-tramway-electrique-nostalgique-en-coree-du-sud\/#article\",\"isPartOf\":{\"@id\":\"https:\/\/allame.net\/fr\/nous-avons-envoye-notre-premier-tramway-electrique-nostalgique-en-coree-du-sud\/\"},\"author\":{\"name\":\"Murat \u00c7olak\",\"@id\":\"https:\/\/allame.net\/fr\/#\/schema\/person\/8370d72e7bd7163cf0a15bd9f577dcf1\"},\"headline\":\"Nous avons envoy\u00e9 notre premier tramway \u00e9lectrique nostalgique en Cor\u00e9e du Sud\",\"datePublished\":\"2020-07-10T13:01:05+00:00\",\"dateModified\":\"2025-02-06T09:28:56+00:00\",\"mainEntityOfPage\":{\"@id\":\"https:\/\/allame.net\/fr\/nous-avons-envoye-notre-premier-tramway-electrique-nostalgique-en-coree-du-sud\/\"},\"wordCount\":180,\"commentCount\":0,\"publisher\":{\"@id\":\"https:\/\/allame.net\/fr\/#organization\"},\"image\":{\"@id\":\"https:\/\/allame.net\/fr\/nous-avons-envoye-notre-premier-tramway-electrique-nostalgique-en-coree-du-sud\/#primaryimage\"},\"thumbnailUrl\":\"https:\/\/allame.net\/wp-content\/uploads\/2020\/07\/elektrikli-tramvay.jpg\",\"articleSection\":[\"Divertissement\"],\"inLanguage\":\"fr-FR\",\"potentialAction\":[{\"@type\":\"CommentAction\",\"name\":\"Comment\",\"target\":[\"https:\/\/allame.net\/fr\/nous-avons-envoye-notre-premier-tramway-electrique-nostalgique-en-coree-du-sud\/#respond\"]}]},{\"@type\":\"WebPage\",\"@id\":\"https:\/\/allame.net\/fr\/nous-avons-envoye-notre-premier-tramway-electrique-nostalgique-en-coree-du-sud\/\",\"url\":\"https:\/\/allame.net\/fr\/nous-avons-envoye-notre-premier-tramway-electrique-nostalgique-en-coree-du-sud\/\",\"name\":\"Nous avons envoy\u00e9 notre premier tramway \u00e9lectrique nostalgique en Cor\u00e9e du Sud - Allame Makina\",\"isPartOf\":{\"@id\":\"https:\/\/allame.net\/fr\/#website\"},\"primaryImageOfPage\":{\"@id\":\"https:\/\/allame.net\/fr\/nous-avons-envoye-notre-premier-tramway-electrique-nostalgique-en-coree-du-sud\/#primaryimage\"},\"image\":{\"@id\":\"https:\/\/allame.net\/fr\/nous-avons-envoye-notre-premier-tramway-electrique-nostalgique-en-coree-du-sud\/#primaryimage\"},\"thumbnailUrl\":\"https:\/\/allame.net\/wp-content\/uploads\/2020\/07\/elektrikli-tramvay.jpg\",\"datePublished\":\"2020-07-10T13:01:05+00:00\",\"dateModified\":\"2025-02-06T09:28:56+00:00\",\"description\":\"Nous avons produit un mini-tramway \u00e9lectrique nostalgique avec un syst\u00e8me de direction des deux c\u00f4t\u00e9s pour un client de Cor\u00e9e du Sud.\",\"breadcrumb\":{\"@id\":\"https:\/\/allame.net\/fr\/nous-avons-envoye-notre-premier-tramway-electrique-nostalgique-en-coree-du-sud\/#breadcrumb\"},\"inLanguage\":\"fr-FR\",\"potentialAction\":[{\"@type\":\"ReadAction\",\"target\":[\"https:\/\/allame.net\/fr\/nous-avons-envoye-notre-premier-tramway-electrique-nostalgique-en-coree-du-sud\/\"]}]},{\"@type\":\"ImageObject\",\"inLanguage\":\"fr-FR\",\"@id\":\"https:\/\/allame.net\/fr\/nous-avons-envoye-notre-premier-tramway-electrique-nostalgique-en-coree-du-sud\/#primaryimage\",\"url\":\"https:\/\/allame.net\/wp-content\/uploads\/2020\/07\/elektrikli-tramvay.jpg\",\"contentUrl\":\"https:\/\/allame.net\/wp-content\/uploads\/2020\/07\/elektrikli-tramvay.jpg\",\"width\":960,\"height\":640},{\"@type\":\"BreadcrumbList\",\"@id\":\"https:\/\/allame.net\/fr\/nous-avons-envoye-notre-premier-tramway-electrique-nostalgique-en-coree-du-sud\/#breadcrumb\",\"itemListElement\":[{\"@type\":\"ListItem\",\"position\":1,\"name\":\"Home\",\"item\":\"https:\/\/allame.net\/fr\/\"},{\"@type\":\"ListItem\",\"position\":2,\"name\":\"Nous avons envoy\u00e9 notre premier tramway \u00e9lectrique nostalgique en Cor\u00e9e du Sud\"}]},{\"@type\":\"WebSite\",\"@id\":\"https:\/\/allame.net\/fr\/#website\",\"url\":\"https:\/\/allame.net\/fr\/\",\"name\":\"Allame Makina\",\"description\":\"Fiber optik kablo \u00fcfleme ve \u00e7ekme makinalar\u0131\",\"publisher\":{\"@id\":\"https:\/\/allame.net\/fr\/#organization\"},\"potentialAction\":[{\"@type\":\"SearchAction\",\"target\":{\"@type\":\"EntryPoint\",\"urlTemplate\":\"https:\/\/allame.net\/fr\/?s={search_term_string}\"},\"query-input\":{\"@type\":\"PropertyValueSpecification\",\"valueRequired\":true,\"valueName\":\"search_term_string\"}}],\"inLanguage\":\"fr-FR\"},{\"@type\":\"Organization\",\"@id\":\"https:\/\/allame.net\/fr\/#organization\",\"name\":\"Allame Makina\",\"url\":\"https:\/\/allame.net\/fr\/\",\"logo\":{\"@type\":\"ImageObject\",\"inLanguage\":\"fr-FR\",\"@id\":\"https:\/\/allame.net\/fr\/#\/schema\/logo\/image\/\",\"url\":\"https:\/\/allame.net\/wp-content\/uploads\/2019\/09\/Allame-logo-kucuk.png\",\"contentUrl\":\"https:\/\/allame.net\/wp-content\/uploads\/2019\/09\/Allame-logo-kucuk.png\",\"width\":196,\"height\":71,\"caption\":\"Allame Makina\"},\"image\":{\"@id\":\"https:\/\/allame.net\/fr\/#\/schema\/logo\/image\/\"},\"sameAs\":[\"https:\/\/www.facebook.com\/skyfibertech\/\",\"https:\/\/x.com\/SkyFiberTech1\",\"https:\/\/www.instagram.com\/allamemakina\"]},{\"@type\":\"Person\",\"@id\":\"https:\/\/allame.net\/fr\/#\/schema\/person\/8370d72e7bd7163cf0a15bd9f577dcf1\",\"name\":\"Murat \u00c7olak\",\"image\":{\"@type\":\"ImageObject\",\"inLanguage\":\"fr-FR\",\"@id\":\"https:\/\/allame.net\/fr\/#\/schema\/person\/image\/\",\"url\":\"https:\/\/secure.gravatar.com\/avatar\/4838ca64e5920e975bc8c23d3b87e2f7774e4e819484ca3c30bf82a7ac04885d?s=96&d=mm&r=g\",\"contentUrl\":\"https:\/\/secure.gravatar.com\/avatar\/4838ca64e5920e975bc8c23d3b87e2f7774e4e819484ca3c30bf82a7ac04885d?s=96&d=mm&r=g\",\"caption\":\"Murat \u00c7olak\"}}]}<\/script>\n<!-- \/ Yoast SEO plugin. -->","yoast_head_json":{"title":"Nous avons envoy\u00e9 notre premier tramway \u00e9lectrique nostalgique en Cor\u00e9e du Sud - Allame Makina","description":"Nous avons produit un mini-tramway \u00e9lectrique nostalgique avec un syst\u00e8me de direction des deux c\u00f4t\u00e9s pour un client de Cor\u00e9e du Sud.","robots":{"index":"index","follow":"follow","max-snippet":"max-snippet:-1","max-image-preview":"max-image-preview:large","max-video-preview":"max-video-preview:-1"},"canonical":"https:\/\/allame.net\/fr\/nous-avons-envoye-notre-premier-tramway-electrique-nostalgique-en-coree-du-sud\/","og_locale":"fr_FR","og_type":"article","og_title":"Nous avons envoy\u00e9 notre premier tramway \u00e9lectrique nostalgique en Cor\u00e9e du Sud - Allame Makina","og_description":"Nous avons produit un mini-tramway \u00e9lectrique nostalgique avec un syst\u00e8me de direction des deux c\u00f4t\u00e9s pour un client de Cor\u00e9e du Sud.","og_url":"https:\/\/allame.net\/fr\/nous-avons-envoye-notre-premier-tramway-electrique-nostalgique-en-coree-du-sud\/","og_site_name":"Allame Makina","article_publisher":"https:\/\/www.facebook.com\/skyfibertech\/","article_published_time":"2020-07-10T13:01:05+00:00","article_modified_time":"2025-02-06T09:28:56+00:00","og_image":[{"width":960,"height":640,"url":"https:\/\/allame.net\/wp-content\/uploads\/2020\/07\/elektrikli-tramvay.jpg","type":"image\/jpeg"}],"author":"Murat \u00c7olak","twitter_card":"summary_large_image","twitter_creator":"@SkyFiberTech1","twitter_site":"@SkyFiberTech1","twitter_misc":{"\u00c9crit par":"Murat \u00c7olak","Dur\u00e9e de lecture estim\u00e9e":"1 minute"},"schema":{"@context":"https:\/\/schema.org","@graph":[{"@type":"Article","@id":"https:\/\/allame.net\/fr\/nous-avons-envoye-notre-premier-tramway-electrique-nostalgique-en-coree-du-sud\/#article","isPartOf":{"@id":"https:\/\/allame.net\/fr\/nous-avons-envoye-notre-premier-tramway-electrique-nostalgique-en-coree-du-sud\/"},"author":{"name":"Murat \u00c7olak","@id":"https:\/\/allame.net\/fr\/#\/schema\/person\/8370d72e7bd7163cf0a15bd9f577dcf1"},"headline":"Nous avons envoy\u00e9 notre premier tramway \u00e9lectrique nostalgique en Cor\u00e9e du Sud","datePublished":"2020-07-10T13:01:05+00:00","dateModified":"2025-02-06T09:28:56+00:00","mainEntityOfPage":{"@id":"https:\/\/allame.net\/fr\/nous-avons-envoye-notre-premier-tramway-electrique-nostalgique-en-coree-du-sud\/"},"wordCount":180,"commentCount":0,"publisher":{"@id":"https:\/\/allame.net\/fr\/#organization"},"image":{"@id":"https:\/\/allame.net\/fr\/nous-avons-envoye-notre-premier-tramway-electrique-nostalgique-en-coree-du-sud\/#primaryimage"},"thumbnailUrl":"https:\/\/allame.net\/wp-content\/uploads\/2020\/07\/elektrikli-tramvay.jpg","articleSection":["Divertissement"],"inLanguage":"fr-FR","potentialAction":[{"@type":"CommentAction","name":"Comment","target":["https:\/\/allame.net\/fr\/nous-avons-envoye-notre-premier-tramway-electrique-nostalgique-en-coree-du-sud\/#respond"]}]},{"@type":"WebPage","@id":"https:\/\/allame.net\/fr\/nous-avons-envoye-notre-premier-tramway-electrique-nostalgique-en-coree-du-sud\/","url":"https:\/\/allame.net\/fr\/nous-avons-envoye-notre-premier-tramway-electrique-nostalgique-en-coree-du-sud\/","name":"Nous avons envoy\u00e9 notre premier tramway \u00e9lectrique nostalgique en Cor\u00e9e du Sud - Allame Makina","isPartOf":{"@id":"https:\/\/allame.net\/fr\/#website"},"primaryImageOfPage":{"@id":"https:\/\/allame.net\/fr\/nous-avons-envoye-notre-premier-tramway-electrique-nostalgique-en-coree-du-sud\/#primaryimage"},"image":{"@id":"https:\/\/allame.net\/fr\/nous-avons-envoye-notre-premier-tramway-electrique-nostalgique-en-coree-du-sud\/#primaryimage"},"thumbnailUrl":"https:\/\/allame.net\/wp-content\/uploads\/2020\/07\/elektrikli-tramvay.jpg","datePublished":"2020-07-10T13:01:05+00:00","dateModified":"2025-02-06T09:28:56+00:00","description":"Nous avons produit un mini-tramway \u00e9lectrique nostalgique avec un syst\u00e8me de direction des deux c\u00f4t\u00e9s pour un client de Cor\u00e9e du Sud.","breadcrumb":{"@id":"https:\/\/allame.net\/fr\/nous-avons-envoye-notre-premier-tramway-electrique-nostalgique-en-coree-du-sud\/#breadcrumb"},"inLanguage":"fr-FR","potentialAction":[{"@type":"ReadAction","target":["https:\/\/allame.net\/fr\/nous-avons-envoye-notre-premier-tramway-electrique-nostalgique-en-coree-du-sud\/"]}]},{"@type":"ImageObject","inLanguage":"fr-FR","@id":"https:\/\/allame.net\/fr\/nous-avons-envoye-notre-premier-tramway-electrique-nostalgique-en-coree-du-sud\/#primaryimage","url":"https:\/\/allame.net\/wp-content\/uploads\/2020\/07\/elektrikli-tramvay.jpg","contentUrl":"https:\/\/allame.net\/wp-content\/uploads\/2020\/07\/elektrikli-tramvay.jpg","width":960,"height":640},{"@type":"BreadcrumbList","@id":"https:\/\/allame.net\/fr\/nous-avons-envoye-notre-premier-tramway-electrique-nostalgique-en-coree-du-sud\/#breadcrumb","itemListElement":[{"@type":"ListItem","position":1,"name":"Home","item":"https:\/\/allame.net\/fr\/"},{"@type":"ListItem","position":2,"name":"Nous avons envoy\u00e9 notre premier tramway \u00e9lectrique nostalgique en Cor\u00e9e du Sud"}]},{"@type":"WebSite","@id":"https:\/\/allame.net\/fr\/#website","url":"https:\/\/allame.net\/fr\/","name":"Allame Makina","description":"Fiber optik kablo \u00fcfleme ve \u00e7ekme makinalar\u0131","publisher":{"@id":"https:\/\/allame.net\/fr\/#organization"},"potentialAction":[{"@type":"SearchAction","target":{"@type":"EntryPoint","urlTemplate":"https:\/\/allame.net\/fr\/?s={search_term_string}"},"query-input":{"@type":"PropertyValueSpecification","valueRequired":true,"valueName":"search_term_string"}}],"inLanguage":"fr-FR"},{"@type":"Organization","@id":"https:\/\/allame.net\/fr\/#organization","name":"Allame Makina","url":"https:\/\/allame.net\/fr\/","logo":{"@type":"ImageObject","inLanguage":"fr-FR","@id":"https:\/\/allame.net\/fr\/#\/schema\/logo\/image\/","url":"https:\/\/allame.net\/wp-content\/uploads\/2019\/09\/Allame-logo-kucuk.png","contentUrl":"https:\/\/allame.net\/wp-content\/uploads\/2019\/09\/Allame-logo-kucuk.png","width":196,"height":71,"caption":"Allame Makina"},"image":{"@id":"https:\/\/allame.net\/fr\/#\/schema\/logo\/image\/"},"sameAs":["https:\/\/www.facebook.com\/skyfibertech\/","https:\/\/x.com\/SkyFiberTech1","https:\/\/www.instagram.com\/allamemakina"]},{"@type":"Person","@id":"https:\/\/allame.net\/fr\/#\/schema\/person\/8370d72e7bd7163cf0a15bd9f577dcf1","name":"Murat \u00c7olak","image":{"@type":"ImageObject","inLanguage":"fr-FR","@id":"https:\/\/allame.net\/fr\/#\/schema\/person\/image\/","url":"https:\/\/secure.gravatar.com\/avatar\/4838ca64e5920e975bc8c23d3b87e2f7774e4e819484ca3c30bf82a7ac04885d?s=96&d=mm&r=g","contentUrl":"https:\/\/secure.gravatar.com\/avatar\/4838ca64e5920e975bc8c23d3b87e2f7774e4e819484ca3c30bf82a7ac04885d?s=96&d=mm&r=g","caption":"Murat \u00c7olak"}}]}},"_links":{"self":[{"href":"https:\/\/allame.net\/fr\/wp-json\/wp\/v2\/posts\/10586","targetHints":{"allow":["GET"]}}],"collection":[{"href":"https:\/\/allame.net\/fr\/wp-json\/wp\/v2\/posts"}],"about":[{"href":"https:\/\/allame.net\/fr\/wp-json\/wp\/v2\/types\/post"}],"author":[{"embeddable":true,"href":"https:\/\/allame.net\/fr\/wp-json\/wp\/v2\/users\/2"}],"replies":[{"embeddable":true,"href":"https:\/\/allame.net\/fr\/wp-json\/wp\/v2\/comments?post=10586"}],"version-history":[{"count":0,"href":"https:\/\/allame.net\/fr\/wp-json\/wp\/v2\/posts\/10586\/revisions"}],"wp:featuredmedia":[{"embeddable":true,"href":"https:\/\/allame.net\/fr\/wp-json\/wp\/v2\/media\/9218"}],"wp:attachment":[{"href":"https:\/\/allame.net\/fr\/wp-json\/wp\/v2\/media?parent=10586"}],"wp:term":[{"taxonomy":"category","embeddable":true,"href":"https:\/\/allame.net\/fr\/wp-json\/wp\/v2\/categories?post=10586"},{"taxonomy":"post_tag","embeddable":true,"href":"https:\/\/allame.net\/fr\/wp-json\/wp\/v2\/tags?post=10586"}],"curies":[{"name":"wp","href":"https:\/\/api.w.org\/{rel}","templated":true}]}}