{"id":10590,"date":"2020-07-10T13:01:05","date_gmt":"2020-07-10T13:01:05","guid":{"rendered":"https:\/\/allame.net\/enviamos-nuestro-primer-tranvia-electrico-nostalgico-a-corea-del-sur\/"},"modified":"2025-02-06T10:14:32","modified_gmt":"2025-02-06T10:14:32","slug":"enviamos-nuestro-primer-tranvia-electrico-nostalgico-a-corea-del-sur","status":"publish","type":"post","link":"https:\/\/allame.net\/es\/enviamos-nuestro-primer-tranvia-electrico-nostalgico-a-corea-del-sur\/","title":{"rendered":"Enviamos nuestro primer tranv\u00eda el\u00e9ctrico nost\u00e1lgico a Corea del Sur"},"content":{"rendered":"<p>Hemos fabricado un Mini Tranv\u00eda Nost\u00e1lgico El\u00e9ctrico con sistema de direcci\u00f3n a ambos lados para un cliente de Corea del Sur. El Tranv\u00eda El\u00e9ctrico es totalmente similar al tranv\u00eda nost\u00e1lgico original y est\u00e1 dise\u00f1ado para ser utilizado con motor el\u00e9ctrico y bater\u00eda. El tranv\u00eda el\u00e9ctrico se ha fabricado meticulosamente manteni\u00e9ndose fiel al original. Hay un sistema de direcci\u00f3n a ambos lados del tranv\u00eda. As\u00ed el tranv\u00eda puede ir en ambas direcciones sin girar. El conductor s\u00f3lo tiene que pasar al otro lado. O se pueden utilizar dos conductores. <strong><br \/>\n<\/strong><br \/>\nC <strong>aracter\u00edsticas del Tamvay;<\/strong> Sistema de direcci\u00f3n a ambos lados <strong> <strong>Velocidad m\u00e1xima<\/strong>: 8 km\/h <strong>Dimensiones (L*An*Al):<\/strong> 420X150X260 cm <strong>Motor el\u00e9ctrico:<\/strong> Motor BLDC de 48V <strong>Bater\u00edas:<\/strong> 6V 225A*8pcs bater\u00edas trazadoras <strong>Tiempo de carga:<\/strong> 8 horas <strong>Peso:<\/strong> 950kg <strong>Distancia (km):<\/strong> 60 km con carga completa <strong>Capacidad de pasajeros:<\/strong> 15 ni\u00f1os o 10 adultos <strong>Capacidad m\u00e1xima:<\/strong> 850 kg<\/strong><\/p>\n<p><img fetchpriority=\"high\" decoding=\"async\" class=\"alignnone wp-image-7520 size-full\" src=\"https:\/\/allame.net\/wp-content\/uploads\/2020\/07\/best-quality-mini-tram.jpg\" alt=\"\" width=\"1200\" height=\"1600\"><img decoding=\"async\" class=\"alignnone wp-image-7521 size-full\" src=\"https:\/\/allame.net\/wp-content\/uploads\/2020\/07\/electric-tram-for-kids.jpg\" alt=\"\" width=\"1200\" height=\"1600\"><img decoding=\"async\" class=\"alignnone wp-image-7522 size-full\" src=\"https:\/\/allame.net\/wp-content\/uploads\/2020\/07\/electric-tram-for-sale.jpg\" alt=\"\" width=\"1200\" height=\"1600\"><img loading=\"lazy\" decoding=\"async\" class=\"alignnone wp-image-7523 size-full\" src=\"https:\/\/allame.net\/wp-content\/uploads\/2020\/07\/mini-nostalgic-tram.jpg\" alt=\"\" width=\"1200\" height=\"1600\"><img loading=\"lazy\" decoding=\"async\" class=\"alignnone wp-image-7524 size-full\" src=\"https:\/\/allame.net\/wp-content\/uploads\/2020\/07\/nostalgic-tram.jpg\" alt=\"\" width=\"1200\" height=\"1600\"><\/p>\n","protected":false},"excerpt":{"rendered":"<p>Fabricamos un Minitranv\u00eda El\u00e9ctrico Nost\u00e1lgico con sistema de direcci\u00f3n a ambos lados para un cliente de Corea del Sur.<\/p>\n","protected":false},"author":2,"featured_media":9220,"comment_status":"open","ping_status":"open","sticky":false,"template":"","format":"standard","meta":{"_joinchat":[],"footnotes":""},"categories":[160],"tags":[],"class_list":["post-10590","post","type-post","status-publish","format-standard","has-post-thumbnail","hentry","category-entretenimiento"],"yoast_head":"<!-- This site is optimized with the Yoast SEO plugin v25.9 - https:\/\/yoast.com\/wordpress\/plugins\/seo\/ -->\n<title>Enviamos nuestro primer tranv\u00eda el\u00e9ctrico nost\u00e1lgico a Corea del Sur - Allame Makina<\/title>\n<meta name=\"description\" content=\"Fabricamos un Minitranv\u00eda El\u00e9ctrico Nost\u00e1lgico con sistema de direcci\u00f3n a ambos lados para un cliente de Corea del Sur.\" \/>\n<meta name=\"robots\" content=\"index, follow, max-snippet:-1, max-image-preview:large, max-video-preview:-1\" \/>\n<link rel=\"canonical\" href=\"https:\/\/allame.net\/es\/enviamos-nuestro-primer-tranvia-electrico-nostalgico-a-corea-del-sur\/\" \/>\n<meta property=\"og:locale\" content=\"es_ES\" \/>\n<meta property=\"og:type\" content=\"article\" \/>\n<meta property=\"og:title\" content=\"Enviamos nuestro primer tranv\u00eda el\u00e9ctrico nost\u00e1lgico a Corea del Sur - Allame Makina\" \/>\n<meta property=\"og:description\" content=\"Fabricamos un Minitranv\u00eda El\u00e9ctrico Nost\u00e1lgico con sistema de direcci\u00f3n a ambos lados para un cliente de Corea del Sur.\" \/>\n<meta property=\"og:url\" content=\"https:\/\/allame.net\/es\/enviamos-nuestro-primer-tranvia-electrico-nostalgico-a-corea-del-sur\/\" \/>\n<meta property=\"og:site_name\" content=\"Allame Makina\" \/>\n<meta property=\"article:publisher\" content=\"https:\/\/www.facebook.com\/skyfibertech\/\" \/>\n<meta property=\"article:published_time\" content=\"2020-07-10T13:01:05+00:00\" \/>\n<meta property=\"article:modified_time\" content=\"2025-02-06T10:14:32+00:00\" \/>\n<meta property=\"og:image\" content=\"https:\/\/allame.net\/wp-content\/uploads\/2020\/07\/elektrikli-tramvay.jpg\" \/>\n\t<meta property=\"og:image:width\" content=\"960\" \/>\n\t<meta property=\"og:image:height\" content=\"640\" \/>\n\t<meta property=\"og:image:type\" content=\"image\/jpeg\" \/>\n<meta name=\"author\" content=\"Murat \u00c7olak\" \/>\n<meta name=\"twitter:card\" content=\"summary_large_image\" \/>\n<meta name=\"twitter:creator\" content=\"@SkyFiberTech1\" \/>\n<meta name=\"twitter:site\" content=\"@SkyFiberTech1\" \/>\n<meta name=\"twitter:label1\" content=\"Escrito por\" \/>\n\t<meta name=\"twitter:data1\" content=\"Murat \u00c7olak\" \/>\n\t<meta name=\"twitter:label2\" content=\"Tiempo de lectura\" \/>\n\t<meta name=\"twitter:data2\" content=\"1 minuto\" \/>\n<script type=\"application\/ld+json\" class=\"yoast-schema-graph\">{\"@context\":\"https:\/\/schema.org\",\"@graph\":[{\"@type\":\"Article\",\"@id\":\"https:\/\/allame.net\/es\/enviamos-nuestro-primer-tranvia-electrico-nostalgico-a-corea-del-sur\/#article\",\"isPartOf\":{\"@id\":\"https:\/\/allame.net\/es\/enviamos-nuestro-primer-tranvia-electrico-nostalgico-a-corea-del-sur\/\"},\"author\":{\"name\":\"Murat \u00c7olak\",\"@id\":\"https:\/\/allame.net\/es\/#\/schema\/person\/8370d72e7bd7163cf0a15bd9f577dcf1\"},\"headline\":\"Enviamos nuestro primer tranv\u00eda el\u00e9ctrico nost\u00e1lgico a Corea del Sur\",\"datePublished\":\"2020-07-10T13:01:05+00:00\",\"dateModified\":\"2025-02-06T10:14:32+00:00\",\"mainEntityOfPage\":{\"@id\":\"https:\/\/allame.net\/es\/enviamos-nuestro-primer-tranvia-electrico-nostalgico-a-corea-del-sur\/\"},\"wordCount\":181,\"commentCount\":0,\"publisher\":{\"@id\":\"https:\/\/allame.net\/es\/#organization\"},\"image\":{\"@id\":\"https:\/\/allame.net\/es\/enviamos-nuestro-primer-tranvia-electrico-nostalgico-a-corea-del-sur\/#primaryimage\"},\"thumbnailUrl\":\"https:\/\/allame.net\/wp-content\/uploads\/2020\/07\/elektrikli-tramvay.jpg\",\"articleSection\":[\"Entretenimiento\"],\"inLanguage\":\"es\",\"potentialAction\":[{\"@type\":\"CommentAction\",\"name\":\"Comment\",\"target\":[\"https:\/\/allame.net\/es\/enviamos-nuestro-primer-tranvia-electrico-nostalgico-a-corea-del-sur\/#respond\"]}]},{\"@type\":\"WebPage\",\"@id\":\"https:\/\/allame.net\/es\/enviamos-nuestro-primer-tranvia-electrico-nostalgico-a-corea-del-sur\/\",\"url\":\"https:\/\/allame.net\/es\/enviamos-nuestro-primer-tranvia-electrico-nostalgico-a-corea-del-sur\/\",\"name\":\"Enviamos nuestro primer tranv\u00eda el\u00e9ctrico nost\u00e1lgico a Corea del Sur - Allame Makina\",\"isPartOf\":{\"@id\":\"https:\/\/allame.net\/es\/#website\"},\"primaryImageOfPage\":{\"@id\":\"https:\/\/allame.net\/es\/enviamos-nuestro-primer-tranvia-electrico-nostalgico-a-corea-del-sur\/#primaryimage\"},\"image\":{\"@id\":\"https:\/\/allame.net\/es\/enviamos-nuestro-primer-tranvia-electrico-nostalgico-a-corea-del-sur\/#primaryimage\"},\"thumbnailUrl\":\"https:\/\/allame.net\/wp-content\/uploads\/2020\/07\/elektrikli-tramvay.jpg\",\"datePublished\":\"2020-07-10T13:01:05+00:00\",\"dateModified\":\"2025-02-06T10:14:32+00:00\",\"description\":\"Fabricamos un Minitranv\u00eda El\u00e9ctrico Nost\u00e1lgico con sistema de direcci\u00f3n a ambos lados para un cliente de Corea del Sur.\",\"breadcrumb\":{\"@id\":\"https:\/\/allame.net\/es\/enviamos-nuestro-primer-tranvia-electrico-nostalgico-a-corea-del-sur\/#breadcrumb\"},\"inLanguage\":\"es\",\"potentialAction\":[{\"@type\":\"ReadAction\",\"target\":[\"https:\/\/allame.net\/es\/enviamos-nuestro-primer-tranvia-electrico-nostalgico-a-corea-del-sur\/\"]}]},{\"@type\":\"ImageObject\",\"inLanguage\":\"es\",\"@id\":\"https:\/\/allame.net\/es\/enviamos-nuestro-primer-tranvia-electrico-nostalgico-a-corea-del-sur\/#primaryimage\",\"url\":\"https:\/\/allame.net\/wp-content\/uploads\/2020\/07\/elektrikli-tramvay.jpg\",\"contentUrl\":\"https:\/\/allame.net\/wp-content\/uploads\/2020\/07\/elektrikli-tramvay.jpg\",\"width\":960,\"height\":640},{\"@type\":\"BreadcrumbList\",\"@id\":\"https:\/\/allame.net\/es\/enviamos-nuestro-primer-tranvia-electrico-nostalgico-a-corea-del-sur\/#breadcrumb\",\"itemListElement\":[{\"@type\":\"ListItem\",\"position\":1,\"name\":\"Home\",\"item\":\"https:\/\/allame.net\/es\/\"},{\"@type\":\"ListItem\",\"position\":2,\"name\":\"Enviamos nuestro primer tranv\u00eda el\u00e9ctrico nost\u00e1lgico a Corea del Sur\"}]},{\"@type\":\"WebSite\",\"@id\":\"https:\/\/allame.net\/es\/#website\",\"url\":\"https:\/\/allame.net\/es\/\",\"name\":\"Allame Makina\",\"description\":\"Fiber optik kablo \u00fcfleme ve \u00e7ekme makinalar\u0131\",\"publisher\":{\"@id\":\"https:\/\/allame.net\/es\/#organization\"},\"potentialAction\":[{\"@type\":\"SearchAction\",\"target\":{\"@type\":\"EntryPoint\",\"urlTemplate\":\"https:\/\/allame.net\/es\/?s={search_term_string}\"},\"query-input\":{\"@type\":\"PropertyValueSpecification\",\"valueRequired\":true,\"valueName\":\"search_term_string\"}}],\"inLanguage\":\"es\"},{\"@type\":\"Organization\",\"@id\":\"https:\/\/allame.net\/es\/#organization\",\"name\":\"Allame Makina\",\"url\":\"https:\/\/allame.net\/es\/\",\"logo\":{\"@type\":\"ImageObject\",\"inLanguage\":\"es\",\"@id\":\"https:\/\/allame.net\/es\/#\/schema\/logo\/image\/\",\"url\":\"https:\/\/allame.net\/wp-content\/uploads\/2019\/09\/Allame-logo-kucuk.png\",\"contentUrl\":\"https:\/\/allame.net\/wp-content\/uploads\/2019\/09\/Allame-logo-kucuk.png\",\"width\":196,\"height\":71,\"caption\":\"Allame Makina\"},\"image\":{\"@id\":\"https:\/\/allame.net\/es\/#\/schema\/logo\/image\/\"},\"sameAs\":[\"https:\/\/www.facebook.com\/skyfibertech\/\",\"https:\/\/x.com\/SkyFiberTech1\",\"https:\/\/www.instagram.com\/allamemakina\"]},{\"@type\":\"Person\",\"@id\":\"https:\/\/allame.net\/es\/#\/schema\/person\/8370d72e7bd7163cf0a15bd9f577dcf1\",\"name\":\"Murat \u00c7olak\",\"image\":{\"@type\":\"ImageObject\",\"inLanguage\":\"es\",\"@id\":\"https:\/\/allame.net\/es\/#\/schema\/person\/image\/\",\"url\":\"https:\/\/secure.gravatar.com\/avatar\/4838ca64e5920e975bc8c23d3b87e2f7774e4e819484ca3c30bf82a7ac04885d?s=96&d=mm&r=g\",\"contentUrl\":\"https:\/\/secure.gravatar.com\/avatar\/4838ca64e5920e975bc8c23d3b87e2f7774e4e819484ca3c30bf82a7ac04885d?s=96&d=mm&r=g\",\"caption\":\"Murat \u00c7olak\"}}]}<\/script>\n<!-- \/ Yoast SEO plugin. -->","yoast_head_json":{"title":"Enviamos nuestro primer tranv\u00eda el\u00e9ctrico nost\u00e1lgico a Corea del Sur - Allame Makina","description":"Fabricamos un Minitranv\u00eda El\u00e9ctrico Nost\u00e1lgico con sistema de direcci\u00f3n a ambos lados para un cliente de Corea del Sur.","robots":{"index":"index","follow":"follow","max-snippet":"max-snippet:-1","max-image-preview":"max-image-preview:large","max-video-preview":"max-video-preview:-1"},"canonical":"https:\/\/allame.net\/es\/enviamos-nuestro-primer-tranvia-electrico-nostalgico-a-corea-del-sur\/","og_locale":"es_ES","og_type":"article","og_title":"Enviamos nuestro primer tranv\u00eda el\u00e9ctrico nost\u00e1lgico a Corea del Sur - Allame Makina","og_description":"Fabricamos un Minitranv\u00eda El\u00e9ctrico Nost\u00e1lgico con sistema de direcci\u00f3n a ambos lados para un cliente de Corea del Sur.","og_url":"https:\/\/allame.net\/es\/enviamos-nuestro-primer-tranvia-electrico-nostalgico-a-corea-del-sur\/","og_site_name":"Allame Makina","article_publisher":"https:\/\/www.facebook.com\/skyfibertech\/","article_published_time":"2020-07-10T13:01:05+00:00","article_modified_time":"2025-02-06T10:14:32+00:00","og_image":[{"width":960,"height":640,"url":"https:\/\/allame.net\/wp-content\/uploads\/2020\/07\/elektrikli-tramvay.jpg","type":"image\/jpeg"}],"author":"Murat \u00c7olak","twitter_card":"summary_large_image","twitter_creator":"@SkyFiberTech1","twitter_site":"@SkyFiberTech1","twitter_misc":{"Escrito por":"Murat \u00c7olak","Tiempo de lectura":"1 minuto"},"schema":{"@context":"https:\/\/schema.org","@graph":[{"@type":"Article","@id":"https:\/\/allame.net\/es\/enviamos-nuestro-primer-tranvia-electrico-nostalgico-a-corea-del-sur\/#article","isPartOf":{"@id":"https:\/\/allame.net\/es\/enviamos-nuestro-primer-tranvia-electrico-nostalgico-a-corea-del-sur\/"},"author":{"name":"Murat \u00c7olak","@id":"https:\/\/allame.net\/es\/#\/schema\/person\/8370d72e7bd7163cf0a15bd9f577dcf1"},"headline":"Enviamos nuestro primer tranv\u00eda el\u00e9ctrico nost\u00e1lgico a Corea del Sur","datePublished":"2020-07-10T13:01:05+00:00","dateModified":"2025-02-06T10:14:32+00:00","mainEntityOfPage":{"@id":"https:\/\/allame.net\/es\/enviamos-nuestro-primer-tranvia-electrico-nostalgico-a-corea-del-sur\/"},"wordCount":181,"commentCount":0,"publisher":{"@id":"https:\/\/allame.net\/es\/#organization"},"image":{"@id":"https:\/\/allame.net\/es\/enviamos-nuestro-primer-tranvia-electrico-nostalgico-a-corea-del-sur\/#primaryimage"},"thumbnailUrl":"https:\/\/allame.net\/wp-content\/uploads\/2020\/07\/elektrikli-tramvay.jpg","articleSection":["Entretenimiento"],"inLanguage":"es","potentialAction":[{"@type":"CommentAction","name":"Comment","target":["https:\/\/allame.net\/es\/enviamos-nuestro-primer-tranvia-electrico-nostalgico-a-corea-del-sur\/#respond"]}]},{"@type":"WebPage","@id":"https:\/\/allame.net\/es\/enviamos-nuestro-primer-tranvia-electrico-nostalgico-a-corea-del-sur\/","url":"https:\/\/allame.net\/es\/enviamos-nuestro-primer-tranvia-electrico-nostalgico-a-corea-del-sur\/","name":"Enviamos nuestro primer tranv\u00eda el\u00e9ctrico nost\u00e1lgico a Corea del Sur - Allame Makina","isPartOf":{"@id":"https:\/\/allame.net\/es\/#website"},"primaryImageOfPage":{"@id":"https:\/\/allame.net\/es\/enviamos-nuestro-primer-tranvia-electrico-nostalgico-a-corea-del-sur\/#primaryimage"},"image":{"@id":"https:\/\/allame.net\/es\/enviamos-nuestro-primer-tranvia-electrico-nostalgico-a-corea-del-sur\/#primaryimage"},"thumbnailUrl":"https:\/\/allame.net\/wp-content\/uploads\/2020\/07\/elektrikli-tramvay.jpg","datePublished":"2020-07-10T13:01:05+00:00","dateModified":"2025-02-06T10:14:32+00:00","description":"Fabricamos un Minitranv\u00eda El\u00e9ctrico Nost\u00e1lgico con sistema de direcci\u00f3n a ambos lados para un cliente de Corea del Sur.","breadcrumb":{"@id":"https:\/\/allame.net\/es\/enviamos-nuestro-primer-tranvia-electrico-nostalgico-a-corea-del-sur\/#breadcrumb"},"inLanguage":"es","potentialAction":[{"@type":"ReadAction","target":["https:\/\/allame.net\/es\/enviamos-nuestro-primer-tranvia-electrico-nostalgico-a-corea-del-sur\/"]}]},{"@type":"ImageObject","inLanguage":"es","@id":"https:\/\/allame.net\/es\/enviamos-nuestro-primer-tranvia-electrico-nostalgico-a-corea-del-sur\/#primaryimage","url":"https:\/\/allame.net\/wp-content\/uploads\/2020\/07\/elektrikli-tramvay.jpg","contentUrl":"https:\/\/allame.net\/wp-content\/uploads\/2020\/07\/elektrikli-tramvay.jpg","width":960,"height":640},{"@type":"BreadcrumbList","@id":"https:\/\/allame.net\/es\/enviamos-nuestro-primer-tranvia-electrico-nostalgico-a-corea-del-sur\/#breadcrumb","itemListElement":[{"@type":"ListItem","position":1,"name":"Home","item":"https:\/\/allame.net\/es\/"},{"@type":"ListItem","position":2,"name":"Enviamos nuestro primer tranv\u00eda el\u00e9ctrico nost\u00e1lgico a Corea del Sur"}]},{"@type":"WebSite","@id":"https:\/\/allame.net\/es\/#website","url":"https:\/\/allame.net\/es\/","name":"Allame Makina","description":"Fiber optik kablo \u00fcfleme ve \u00e7ekme makinalar\u0131","publisher":{"@id":"https:\/\/allame.net\/es\/#organization"},"potentialAction":[{"@type":"SearchAction","target":{"@type":"EntryPoint","urlTemplate":"https:\/\/allame.net\/es\/?s={search_term_string}"},"query-input":{"@type":"PropertyValueSpecification","valueRequired":true,"valueName":"search_term_string"}}],"inLanguage":"es"},{"@type":"Organization","@id":"https:\/\/allame.net\/es\/#organization","name":"Allame Makina","url":"https:\/\/allame.net\/es\/","logo":{"@type":"ImageObject","inLanguage":"es","@id":"https:\/\/allame.net\/es\/#\/schema\/logo\/image\/","url":"https:\/\/allame.net\/wp-content\/uploads\/2019\/09\/Allame-logo-kucuk.png","contentUrl":"https:\/\/allame.net\/wp-content\/uploads\/2019\/09\/Allame-logo-kucuk.png","width":196,"height":71,"caption":"Allame Makina"},"image":{"@id":"https:\/\/allame.net\/es\/#\/schema\/logo\/image\/"},"sameAs":["https:\/\/www.facebook.com\/skyfibertech\/","https:\/\/x.com\/SkyFiberTech1","https:\/\/www.instagram.com\/allamemakina"]},{"@type":"Person","@id":"https:\/\/allame.net\/es\/#\/schema\/person\/8370d72e7bd7163cf0a15bd9f577dcf1","name":"Murat \u00c7olak","image":{"@type":"ImageObject","inLanguage":"es","@id":"https:\/\/allame.net\/es\/#\/schema\/person\/image\/","url":"https:\/\/secure.gravatar.com\/avatar\/4838ca64e5920e975bc8c23d3b87e2f7774e4e819484ca3c30bf82a7ac04885d?s=96&d=mm&r=g","contentUrl":"https:\/\/secure.gravatar.com\/avatar\/4838ca64e5920e975bc8c23d3b87e2f7774e4e819484ca3c30bf82a7ac04885d?s=96&d=mm&r=g","caption":"Murat \u00c7olak"}}]}},"_links":{"self":[{"href":"https:\/\/allame.net\/es\/wp-json\/wp\/v2\/posts\/10590","targetHints":{"allow":["GET"]}}],"collection":[{"href":"https:\/\/allame.net\/es\/wp-json\/wp\/v2\/posts"}],"about":[{"href":"https:\/\/allame.net\/es\/wp-json\/wp\/v2\/types\/post"}],"author":[{"embeddable":true,"href":"https:\/\/allame.net\/es\/wp-json\/wp\/v2\/users\/2"}],"replies":[{"embeddable":true,"href":"https:\/\/allame.net\/es\/wp-json\/wp\/v2\/comments?post=10590"}],"version-history":[{"count":0,"href":"https:\/\/allame.net\/es\/wp-json\/wp\/v2\/posts\/10590\/revisions"}],"wp:featuredmedia":[{"embeddable":true,"href":"https:\/\/allame.net\/es\/wp-json\/wp\/v2\/media\/9220"}],"wp:attachment":[{"href":"https:\/\/allame.net\/es\/wp-json\/wp\/v2\/media?parent=10590"}],"wp:term":[{"taxonomy":"category","embeddable":true,"href":"https:\/\/allame.net\/es\/wp-json\/wp\/v2\/categories?post=10590"},{"taxonomy":"post_tag","embeddable":true,"href":"https:\/\/allame.net\/es\/wp-json\/wp\/v2\/tags?post=10590"}],"curies":[{"name":"wp","href":"https:\/\/api.w.org\/{rel}","templated":true}]}}